{"id":836,"date":"2015-09-28T15:51:41","date_gmt":"2015-09-28T07:51:41","guid":{"rendered":"http:\/\/mfasia.org\/stepitup\/?p=836"},"modified":"2015-11-18T17:12:35","modified_gmt":"2015-11-18T09:12:35","slug":"documents-from-the-committee-on-migrant-workers-general-discussion-marking-the-25th-anniversary-of-cmw","status":"publish","type":"post","link":"https:\/\/cmw25.mfasia.org\/?p=836","title":{"rendered":"Documents from the Committee on Migrant Workers&#8217; General Discussion marking the 25th Anniversary of CMW"},"content":{"rendered":"<p><a href=\"http:\/\/cmw25.org\/wp-content\/uploads\/2015\/09\/5.jpg\"><img loading=\"lazy\" decoding=\"async\" class=\"aligncenter size-full wp-image-837\" src=\"http:\/\/cmw25.org\/wp-content\/uploads\/2015\/09\/5.jpg\" alt=\"5\" width=\"700\" height=\"467\" srcset=\"https:\/\/mfasia.org\/cmw25\/wp-content\/uploads\/2015\/09\/5.jpg 700w, https:\/\/mfasia.org\/cmw25\/wp-content\/uploads\/2015\/09\/5-300x200.jpg 300w, https:\/\/mfasia.org\/cmw25\/wp-content\/uploads\/2015\/09\/5-440x294.jpg 440w\" sizes=\"(max-width: 700px) 100vw, 700px\" \/><\/a><\/p>\n<p>&nbsp;<\/p>\n<p>Last 8 September 2015, the UN Committee on the Protection of the Rights of All Migrant Workers and Members of Their Families (the Committee) organized a half-day general discussion to mark the 25<sup>th<\/sup> anniversary of the adoption of the International Convention on the Protection of the Rights of All Migrant Workers and Members of Their Families.\u00a0 The general discussion was a public meeting in which representatives of States, United Nations bodies and specialised agencies, civil society and other relevant organisations as well as individual experts are welcome to participate.<\/p>\n<p>The panel discussion focused on the multiple human rights abuses faced by migrant workers, and challenges for States on how to best address these issues in the context of migrant workers in the Gulf, undocumented children in the Americas, and irregular migration flows in the Mediterranean. Each of these discussions underlined the importance of an agreed international human rights framework, including stepping up ratifications of the Convention. This discussion also included perspectives, including best practices, by States parties and non-States parties on how to address migration-related issues and the role of the Convention in this regard.<!--more--><\/p>\n<p>Please find below the statements, the presentations by panelists, conclusion remarks and statement, as well as pictures of the event.<\/p>\n<p><strong>Statements:<\/strong><\/p>\n<ul>\n<li><a href=\"http:\/\/cmw25.org\/wp-content\/uploads\/2015\/09\/Welcoming-statement-by-Mr.-Francisco-Carrion-Mena-Chair-of-the-CMW-Committee.doc\">Welcoming statement by Mr. Francisco Carrion Mena, Chair of the CMW Committee<\/a><\/li>\n<li><a href=\"http:\/\/cmw25.org\/wp-content\/uploads\/2015\/09\/Opening-statement-by-Mr.-Zeid-Ra\u2019ad-al-Hussein-High-Commissioner-for-Human-Rights-OHCHR.doc\">Opening statement by Mr. Zeid Ra\u2019ad al Hussein, High Commissioner for Human Rights, OHCHR<\/a><\/li>\n<li><a href=\"http:\/\/cmw25.org\/wp-content\/uploads\/2015\/09\/Statement-by-Mr.-Hubert-Ren\u00e9-Schillinger-Director-Geneva-Office-Friedrich-Ebert-Stiftung-FES.docx\">Statement by Mr. Hubert Ren\u00e9 Schillinger, Director, Geneva Office, Friedrich-Ebert-Stiftung (FES)<\/a><\/li>\n<li><a href=\"http:\/\/cmw25.org\/wp-content\/uploads\/2015\/09\/Statement-by-Rev.-Msgr.-Robert-J.-Vitillo-Head-of-Delegation-for-Caritas-Internationalis-and-Attach\u00e9-at-the-Permanent-Observer-Mission-of-the-Holy-See-to-the-UN-in-Geneva.doc\">Statement by Rev. Msgr. Robert J. Vitillo, Head of Delegation for Caritas Internationalis and Attach\u00e9 at the Permanent Observer Mission of the Holy See to the UN in Geneva<\/a><\/li>\n<\/ul>\n<p><strong>Presentations by Panelists:<\/strong><\/p>\n<p>Panel 1: Current trends in violations of migrants workers\u2019 human rights<\/p>\n<ul>\n<li><a href=\"http:\/\/cmw25.org\/wp-content\/uploads\/2015\/09\/Ms.-Michele-Levoy-Director-Platform-for-International-Cooperation-on-Undocumented-Migrants-PICUM.docx\">Ms. Michele Levoy, Director, Platform for International Cooperation on Undocumented Migrants (PICUM)<\/a><\/li>\n<li><a href=\"http:\/\/cmw25.org\/wp-content\/uploads\/2015\/09\/Mr.-Mustafa-Qadri-Gulf-Migrant-Rights-Researcher-Amnesty-International.docx\">Mr. Mustafa Qadri, Gulf Migrant Rights Researcher, Amnesty International<\/a><\/li>\n<li><a href=\"http:\/\/cmw25.org\/wp-content\/uploads\/2015\/09\/Mr.-Ashley-William-Gois-Regional-Coordinator-Migrant-Forum-in-Asia-MFA.docx\">Mr. Ashley William Gois, Regional Coordinator, Migrant Forum in Asia (MFA)<\/a><\/li>\n<li><a href=\"http:\/\/cmw25.org\/wp-content\/uploads\/2015\/09\/Mr.-Diego-Lorente-P\u00e9rez-de-Eulate-Centro-de-Derechos-Humanos-Fray-Mat\u00edas-de-C\u00f3rdova-Tapachula-Chiapas.docx\">Mr. Diego Lorente P\u00e9rez de Eulate, Centro de Derechos Humanos Fray Mat\u00edas de C\u00f3rdova Tapachula, Chiapas<\/a><\/li>\n<\/ul>\n<p>Panel 2: Challenges for States and promising developments in responding to these trends<\/p>\n<ul>\n<li><a href=\"http:\/\/cmw25.org\/wp-content\/uploads\/2015\/09\/H.E.-Mr.-Peter-S\u00f8rensen.pdf\">H.E. Mr. Peter S\u00f8rensen, Ambassador and Head of Delegation of the European Union to the United Nations Office and other international organisations in Geneva<\/a><\/li>\n<li><a href=\"http:\/\/cmw25.org\/wp-content\/uploads\/2015\/09\/H.E.-Ms.-Cecilia-Rebong.pdf\">H.E. Ms. Cecilia Rebong, Ambassador and Permanent Representative of the Philippines to the United Nations Office at Geneva<\/a><\/li>\n<li><a href=\"http:\/\/cmw25.org\/wp-content\/uploads\/2015\/09\/H.E.-Mr.-Ra\u00fal-Heredia-Acosta.docx\">H.E. Mr. Ra\u00fal Heredia Acosta, Ambassador and Deputy Permanent Representative of Mexico to the United Nations Office at Geneva<\/a><\/li>\n<\/ul>\n<p><strong>Concluding Remarks:<\/strong><\/p>\n<p><a href=\"http:\/\/cmw25.org\/wp-content\/uploads\/2015\/09\/Ms.-Manuela-Tomei-Director-of-Conditions-of-Work-and-Equality-Department-ILO.docx\">Ms. Manuela Tomei, Director of Conditions of Work and Equality Department, ILO<\/a><\/p>\n<p><strong>Concluding Statement:<\/strong><\/p>\n<p><a href=\"http:\/\/cmw25.org\/wp-content\/uploads\/2015\/09\/Mr.-Ibrahim-Salama-Director-Human-Rights-Treaties-Division-OHCHR-Moderator.doc\">Mr. Ibrahim Salama, Director, Human Rights Treaties Division, OHCHR, Moderator<\/a><\/p>\n<p>&nbsp;<\/p>\n<div id='gallery-1' class='gallery galleryid-836 gallery-columns-3 gallery-size-thumbnail'><figure class='gallery-item'>\n\t\t\t<div class='gallery-icon landscape'>\n\t\t\t\t<a href='https:\/\/cmw25.mfasia.org\/?attachment_id=838'><img loading=\"lazy\" decoding=\"async\" width=\"150\" height=\"150\" src=\"https:\/\/mfasia.org\/cmw25\/wp-content\/uploads\/2015\/09\/1-150x150.jpg\" class=\"attachment-thumbnail size-thumbnail\" alt=\"\" \/><\/a>\n\t\t\t<\/div><\/figure><figure class='gallery-item'>\n\t\t\t<div class='gallery-icon landscape'>\n\t\t\t\t<a href='https:\/\/cmw25.mfasia.org\/?attachment_id=839'><img loading=\"lazy\" decoding=\"async\" width=\"150\" height=\"150\" src=\"https:\/\/mfasia.org\/cmw25\/wp-content\/uploads\/2015\/09\/2-150x150.jpg\" class=\"attachment-thumbnail size-thumbnail\" alt=\"\" \/><\/a>\n\t\t\t<\/div><\/figure><figure class='gallery-item'>\n\t\t\t<div class='gallery-icon landscape'>\n\t\t\t\t<a href='https:\/\/cmw25.mfasia.org\/?attachment_id=840'><img loading=\"lazy\" decoding=\"async\" width=\"150\" height=\"150\" src=\"https:\/\/mfasia.org\/cmw25\/wp-content\/uploads\/2015\/09\/3-150x150.jpg\" class=\"attachment-thumbnail size-thumbnail\" alt=\"\" \/><\/a>\n\t\t\t<\/div><\/figure><figure class='gallery-item'>\n\t\t\t<div class='gallery-icon landscape'>\n\t\t\t\t<a href='https:\/\/cmw25.mfasia.org\/?attachment_id=841'><img loading=\"lazy\" decoding=\"async\" width=\"150\" height=\"150\" src=\"https:\/\/mfasia.org\/cmw25\/wp-content\/uploads\/2015\/09\/4-150x150.jpg\" class=\"attachment-thumbnail size-thumbnail\" alt=\"\" \/><\/a>\n\t\t\t<\/div><\/figure><figure class='gallery-item'>\n\t\t\t<div class='gallery-icon landscape'>\n\t\t\t\t<a href='https:\/\/cmw25.mfasia.org\/?attachment_id=842'><img loading=\"lazy\" decoding=\"async\" width=\"150\" height=\"150\" src=\"https:\/\/mfasia.org\/cmw25\/wp-content\/uploads\/2015\/09\/6-150x150.jpg\" class=\"attachment-thumbnail size-thumbnail\" alt=\"\" \/><\/a>\n\t\t\t<\/div><\/figure><figure class='gallery-item'>\n\t\t\t<div class='gallery-icon landscape'>\n\t\t\t\t<a href='https:\/\/cmw25.mfasia.org\/?attachment_id=843'><img loading=\"lazy\" decoding=\"async\" width=\"150\" height=\"150\" src=\"https:\/\/mfasia.org\/cmw25\/wp-content\/uploads\/2015\/09\/7-150x150.jpg\" class=\"attachment-thumbnail size-thumbnail\" alt=\"\" \/><\/a>\n\t\t\t<\/div><\/figure><figure class='gallery-item'>\n\t\t\t<div class='gallery-icon landscape'>\n\t\t\t\t<a href='https:\/\/cmw25.mfasia.org\/?attachment_id=844'><img loading=\"lazy\" decoding=\"async\" width=\"150\" height=\"150\" src=\"https:\/\/mfasia.org\/cmw25\/wp-content\/uploads\/2015\/09\/8-150x150.jpg\" class=\"attachment-thumbnail size-thumbnail\" alt=\"\" \/><\/a>\n\t\t\t<\/div><\/figure><figure class='gallery-item'>\n\t\t\t<div class='gallery-icon landscape'>\n\t\t\t\t<a href='https:\/\/cmw25.mfasia.org\/?attachment_id=845'><img loading=\"lazy\" decoding=\"async\" width=\"150\" height=\"150\" src=\"https:\/\/mfasia.org\/cmw25\/wp-content\/uploads\/2015\/09\/9-150x150.jpg\" class=\"attachment-thumbnail size-thumbnail\" alt=\"\" \/><\/a>\n\t\t\t<\/div><\/figure><figure class='gallery-item'>\n\t\t\t<div class='gallery-icon landscape'>\n\t\t\t\t<a href='https:\/\/cmw25.mfasia.org\/?attachment_id=846'><img loading=\"lazy\" decoding=\"async\" width=\"150\" height=\"150\" src=\"https:\/\/mfasia.org\/cmw25\/wp-content\/uploads\/2015\/09\/10-150x150.jpg\" class=\"attachment-thumbnail size-thumbnail\" alt=\"\" \/><\/a>\n\t\t\t<\/div><\/figure><figure class='gallery-item'>\n\t\t\t<div class='gallery-icon landscape'>\n\t\t\t\t<a href='https:\/\/cmw25.mfasia.org\/?attachment_id=847'><img loading=\"lazy\" decoding=\"async\" width=\"150\" height=\"150\" src=\"https:\/\/mfasia.org\/cmw25\/wp-content\/uploads\/2015\/09\/11-150x150.jpg\" class=\"attachment-thumbnail size-thumbnail\" alt=\"\" \/><\/a>\n\t\t\t<\/div><\/figure><figure class='gallery-item'>\n\t\t\t<div class='gallery-icon landscape'>\n\t\t\t\t<a href='https:\/\/cmw25.mfasia.org\/?attachment_id=848'><img loading=\"lazy\" decoding=\"async\" width=\"150\" height=\"150\" src=\"https:\/\/mfasia.org\/cmw25\/wp-content\/uploads\/2015\/09\/12-150x150.jpg\" class=\"attachment-thumbnail size-thumbnail\" alt=\"\" \/><\/a>\n\t\t\t<\/div><\/figure><figure class='gallery-item'>\n\t\t\t<div class='gallery-icon landscape'>\n\t\t\t\t<a href='https:\/\/cmw25.mfasia.org\/?attachment_id=849'><img loading=\"lazy\" decoding=\"async\" width=\"150\" height=\"150\" src=\"https:\/\/mfasia.org\/cmw25\/wp-content\/uploads\/2015\/09\/13-150x150.jpg\" class=\"attachment-thumbnail size-thumbnail\" alt=\"\" \/><\/a>\n\t\t\t<\/div><\/figure><figure class='gallery-item'>\n\t\t\t<div class='gallery-icon landscape'>\n\t\t\t\t<a href='https:\/\/cmw25.mfasia.org\/?attachment_id=850'><img loading=\"lazy\" decoding=\"async\" width=\"150\" height=\"150\" src=\"https:\/\/mfasia.org\/cmw25\/wp-content\/uploads\/2015\/09\/14-150x150.jpg\" class=\"attachment-thumbnail size-thumbnail\" alt=\"\" \/><\/a>\n\t\t\t<\/div><\/figure><figure class='gallery-item'>\n\t\t\t<div class='gallery-icon landscape'>\n\t\t\t\t<a href='https:\/\/cmw25.mfasia.org\/?attachment_id=851'><img loading=\"lazy\" decoding=\"async\" width=\"150\" height=\"150\" src=\"https:\/\/mfasia.org\/cmw25\/wp-content\/uploads\/2015\/09\/15-150x150.jpg\" class=\"attachment-thumbnail size-thumbnail\" alt=\"\" \/><\/a>\n\t\t\t<\/div><\/figure>\n\t\t<\/div>\n\n","protected":false},"excerpt":{"rendered":"<p>&nbsp; Last 8 September 2015, the UN Committee on the Protection of the Rights of All Migrant Workers and Members of Their Families (the Committee) organized a half-day general discussion [&hellip;]<\/p>\n","protected":false},"author":5,"featured_media":0,"comment_status":"closed","ping_status":"closed","sticky":false,"template":"","format":"standard","meta":{"ngg_post_thumbnail":0,"footnotes":""},"categories":[10,3,6,5,18,4,17],"tags":[],"class_list":["post-836","post","type-post","status-publish","format-standard","hentry","category-about","category-children-of-migrant-workers","category-events","category-forced-labor","category-links","category-migrant-domestic-workers","category-statements","post-number-1"],"_links":{"self":[{"href":"https:\/\/cmw25.mfasia.org\/index.php?rest_route=\/wp\/v2\/posts\/836"}],"collection":[{"href":"https:\/\/cmw25.mfasia.org\/index.php?rest_route=\/wp\/v2\/posts"}],"about":[{"href":"https:\/\/cmw25.mfasia.org\/index.php?rest_route=\/wp\/v2\/types\/post"}],"author":[{"embeddable":true,"href":"https:\/\/cmw25.mfasia.org\/index.php?rest_route=\/wp\/v2\/users\/5"}],"replies":[{"embeddable":true,"href":"https:\/\/cmw25.mfasia.org\/index.php?rest_route=%2Fwp%2Fv2%2Fcomments&post=836"}],"version-history":[{"count":0,"href":"https:\/\/cmw25.mfasia.org\/index.php?rest_route=\/wp\/v2\/posts\/836\/revisions"}],"wp:attachment":[{"href":"https:\/\/cmw25.mfasia.org\/index.php?rest_route=%2Fwp%2Fv2%2Fmedia&parent=836"}],"wp:term":[{"taxonomy":"category","embeddable":true,"href":"https:\/\/cmw25.mfasia.org\/index.php?rest_route=%2Fwp%2Fv2%2Fcategories&post=836"},{"taxonomy":"post_tag","embeddable":true,"href":"https:\/\/cmw25.mfasia.org\/index.php?rest_route=%2Fwp%2Fv2%2Ftags&post=836"}],"curies":[{"name":"wp","href":"https:\/\/api.w.org\/{rel}","templated":true}]}}